{"id":67359,"date":"2024-12-10T13:14:04","date_gmt":"2024-12-10T12:14:04","guid":{"rendered":"https:\/\/oreretaikastola.eus\/2024\/12\/10\/lehen-sorospenerako-arreta-eskolak-herriko-kirol-elkarteentzat-dbh-eta-batxilergoko-ikasleen-eskutik\/"},"modified":"2024-12-10T13:53:51","modified_gmt":"2024-12-10T12:53:51","slug":"formacion-de-primeros-auxilios-en-los-clubes-deportivos-locales-de-la-mano-del-alumnado-de-dbh-y-bachillerato","status":"publish","type":"post","link":"https:\/\/oreretaikastola.eus\/es\/2024\/12\/10\/formacion-de-primeros-auxilios-en-los-clubes-deportivos-locales-de-la-mano-del-alumnado-de-dbh-y-bachillerato\/","title":{"rendered":"Formaci\u00f3n de primeros auxilios en los clubes deportivos locales, de la mano del alumnado de DBH y bachillerato"},"content":{"rendered":"\n<h4 class=\"wp-block-heading\"><em>Tras seis a\u00f1os desde haber integrado la atenci\u00f3n de primeros auxilios en el curr\u00edculum acad\u00e9mico, y posterior, habiendo realizado sesiones formativas con el personal de la propia Ikastola y en diferentes Ikastolas y centros escolares de la comarca y del Pa\u00eds Vasco, el siguiente paso ha sido comenzar con las asociaciones deportivas locales<\/em><\/h4>\n\n\n\n<div style=\"height:50px\" aria-hidden=\"true\" class=\"wp-block-spacer\"><\/div>\n\n\n\n<p>Gracias a la colaboraci\u00f3n de Emergentziak Osakidetza y la Facultad de Medicina y Enfermer\u00eda de la UPV\/EHU en Donostia, <strong>Orereta-Oiartzo Ikastola<\/strong> incorpor\u00f3 a su curr\u00edculo acad\u00e9mico la atenci\u00f3n de primeros auxilios en el curso 2018-19. Fue el primer centro escolar del Pa\u00eds Vasco en hacerlo. Desde entonces, las y los alumnos de DBH y bachillerato y el personal de la Ikastola realizan <strong>sesiones de formaci\u00f3n<\/strong> cada dos a\u00f1os (formaci\u00f3n permanente y actualizada). En cada uno de los edificios de la Ikastola (cinco en total) hay instalado un desfibrilador, cada sede tiene su propio protocolo de actuaci\u00f3n, y en la Ikastola hay mu\u00f1ecos para aprender a c\u00f3mo hacer la reanimaci\u00f3n.<\/p>\n\n\n\n<p>Se trata de <strong>empoderar <\/strong>a las y los mienbos de la Ikastola en concreto y a la ciudadan\u00eda en general <strong>en la atenci\u00f3n sanitaria<\/strong>. Esto permite tomar conciencia sobre diferentes temas, as\u00ed como conocerse y atender a uno mismo y a las y los dem\u00e1s; todos ellos aspectos importantes, entre otros, para construir una sociedad responsable y solidaria.<\/p>\n\n\n\n<p>Siendo ese el objetivo y haciendo protagonistas del proyecto a los propios alumnos y alumnas, trabajando su autonom\u00eda y sus competencias, la iniciativa se va abriendo camino: a partir de la <strong>sesi\u00f3n de formaci\u00f3n<\/strong> que reciben cada dos a\u00f1os, son los propios alumnos y alumnas quienes se convierten en educadores. Empoderar al alumnado, realizar la Ikastola una aportaci\u00f3n social, empoderar a la ciudadan\u00eda; esa es la triangulaci\u00f3n: colaboraci\u00f3n y comunidad. As\u00ed se sumaron al camino varias Ikastolas y colegios de la comarca y del Pa\u00eds Vasco; y ahora, los <strong>clubes deportivos locales.<\/strong><\/p>\n\n\n\n<p><strong>Ya han comenzado las primeras sesiones formativas de los clubes deportivos locales<\/strong><\/p>\n\n\n\n<p>Como se ha mencionado, con la inclusi\u00f3n de la <strong>atenci\u00f3n de primeros auxilios <\/strong>en el curr\u00edculum acad\u00e9mico, primero llegaron las <strong>sesiones formativas<\/strong> de diferentes Ikastolas y centros escolares de la comarca y del Pa\u00eds Vasco y, ahora, como siguiente paso, las de los equipos directivos y t\u00e9cnicos de diferentes <strong>asociaciones deportivas de la localidad<\/strong>. <a rel=\"noreferrer noopener\" href=\"https:\/\/touringke.eus\/es\/inicio\/\" target=\"_blank\">Touring KE<\/a>, <a rel=\"noreferrer noopener\" href=\"https:\/\/www.hibaika.com\/es\/\" target=\"_blank\">Hibaika arraun elkartea<\/a>, <a rel=\"noreferrer noopener\" href=\"https:\/\/ereintzaeskubaloia.com\/es\/\" target=\"_blank\">Ereintza eskubaloi taldea<\/a>, <a rel=\"noreferrer noopener\" href=\"https:\/\/urdaburu.eus\/es\/\" target=\"_blank\">Urdaburu mendizale elkartea<\/a>, <a rel=\"noreferrer noopener\" href=\"https:\/\/www.facebook.com\/oarsotri.triatloitaldea\" target=\"_blank\">Oarsotri triatloi taldea<\/a> y <a rel=\"noreferrer noopener\" href=\"https:\/\/www.facebook.com\/clubatleticorenteria\" target=\"_blank\">CAR (Club Atl\u00e9tico Renteria)<\/a> ser\u00e1n, de momento, quienes participen en la iniciativa. Las sesiones de formaci\u00f3n de Touring KE se celebraron los pasados 27 y 28 de noviembre, los d\u00edas 12 y 18 de diciembre ser\u00e1 el turno de los de Hibaika y Ereintza respectivamente, y el resto llegar\u00e1 a partir de enero. Para empezar, <strong>Orereta-Oiartzo Ikastola <\/strong>se ha puesto en contacto con las seis asociaciones deportivas mencionadas y la idea es que en el futuro tambi\u00e9n se llame a la puerta de m\u00e1s para ampliar la iniciativa.<\/p>\n\n\n\n<figure class=\"wp-block-embed is-type-video is-provider-youtube wp-block-embed-youtube wp-embed-aspect-16-9 wp-has-aspect-ratio\"><div class=\"wp-block-embed__wrapper\">\n<div class=\"youtube-embed responsive-embed widescreen\"><iframe loading=\"lazy\" title=\"Lehen sorospenerako arreta - formazioa: kirol elkarteak\" width=\"500\" height=\"281\" src=\"https:\/\/www.youtube.com\/embed\/79oEkZXhLF4?feature=oembed\" frameborder=\"0\" allow=\"accelerometer; autoplay; clipboard-write; encrypted-media; gyroscope; picture-in-picture; web-share\" referrerpolicy=\"strict-origin-when-cross-origin\" allowfullscreen><\/iframe><\/div>\n<\/div><\/figure>\n\n\n\n<p><strong>Ayuntamiento: \u201cEl alumnado gu\u00eda las sesiones formativas, lo que contribuye a su empoderamiento<\/strong>\u00ab<\/p>\n\n\n\n<p>Al Ayuntamiento le parece interesante organizar y realizar este tipo de iniciativas. Por un lado, por su car\u00e1cter pr\u00e1ctico y \u00fatil, especialmente para las asociaciones deportivas, directamente relacionadas con la salud. Por otro, porque son las y los alumnos quienes g\u00edan las<strong> sesiones formativas<\/strong> y eso ayuda a su empoderamiento.<\/p>\n\n\n\n<div style=\"height:50px\" aria-hidden=\"true\" class=\"wp-block-spacer\"><\/div>\n\n\n\n<hr class=\"wp-block-separator has-alpha-channel-opacity\"\/>\n\n\n\n<p>* En la foto, representantes de los clubes deportivos (Urdaburu mendizale elkartea, Ereintza eskubaloi taldea, Hibaika arraun elkartea y Oarsotri triatoi taldea), la edil municipal (Leire Mazizior Egilegor) y el alumnado y representantes de Orereta-Oiartzo Ikastola (Uxue Bengoetxea Ansa, Unax Arcelus Garcia, Unax Zabaleta Bernal y Aner Arbelaitz Jacinto; y Egoitz Verdugo Markotegi y Aitor Perez Garbizu).<\/p>\n","protected":false},"excerpt":{"rendered":"<p>Tras seis a\u00f1os desde haber integrado la atenci\u00f3n de primeros auxilios en el curr\u00edculum acad\u00e9mico, y posterior, habiendo realizado sesiones formativas con el personal de la propia Ikastola y en diferentes Ikastolas y centros escolares de la comarca y del Pa\u00eds Vasco, el siguiente paso ha sido comenzar con las asociaciones deportivas locales Gracias a &hellip; <a href=\"https:\/\/oreretaikastola.eus\/es\/2024\/12\/10\/formacion-de-primeros-auxilios-en-los-clubes-deportivos-locales-de-la-mano-del-alumnado-de-dbh-y-bachillerato\/\">Continued<\/a><\/p>\n","protected":false},"author":2,"featured_media":67355,"comment_status":"closed","ping_status":"closed","sticky":false,"template":"","format":"standard","meta":{"footnotes":""},"categories":[75],"tags":[1055],"acf":[],"_links":{"self":[{"href":"https:\/\/oreretaikastola.eus\/es\/wp-json\/wp\/v2\/posts\/67359"}],"collection":[{"href":"https:\/\/oreretaikastola.eus\/es\/wp-json\/wp\/v2\/posts"}],"about":[{"href":"https:\/\/oreretaikastola.eus\/es\/wp-json\/wp\/v2\/types\/post"}],"author":[{"embeddable":true,"href":"https:\/\/oreretaikastola.eus\/es\/wp-json\/wp\/v2\/users\/2"}],"replies":[{"embeddable":true,"href":"https:\/\/oreretaikastola.eus\/es\/wp-json\/wp\/v2\/comments?post=67359"}],"version-history":[{"count":8,"href":"https:\/\/oreretaikastola.eus\/es\/wp-json\/wp\/v2\/posts\/67359\/revisions"}],"predecessor-version":[{"id":67376,"href":"https:\/\/oreretaikastola.eus\/es\/wp-json\/wp\/v2\/posts\/67359\/revisions\/67376"}],"wp:featuredmedia":[{"embeddable":true,"href":"https:\/\/oreretaikastola.eus\/es\/wp-json\/wp\/v2\/media\/67355"}],"wp:attachment":[{"href":"https:\/\/oreretaikastola.eus\/es\/wp-json\/wp\/v2\/media?parent=67359"}],"wp:term":[{"taxonomy":"category","embeddable":true,"href":"https:\/\/oreretaikastola.eus\/es\/wp-json\/wp\/v2\/categories?post=67359"},{"taxonomy":"post_tag","embeddable":true,"href":"https:\/\/oreretaikastola.eus\/es\/wp-json\/wp\/v2\/tags?post=67359"}],"curies":[{"name":"wp","href":"https:\/\/api.w.org\/{rel}","templated":true}]}}