{"id":50404,"date":"2024-01-18T14:10:12","date_gmt":"2024-01-18T13:10:12","guid":{"rendered":"https:\/\/oreretaikastola.eus\/2024\/01\/18\/matrikulazioa-2024-25-zatoz-ikastolara\/"},"modified":"2024-01-18T14:23:14","modified_gmt":"2024-01-18T13:23:14","slug":"matriculacion-2024-25-ven-a-la-ikastolara","status":"publish","type":"post","link":"https:\/\/oreretaikastola.eus\/es\/2024\/01\/18\/matriculacion-2024-25-ven-a-la-ikastolara\/","title":{"rendered":"Matriculaci\u00f3n 2024-25: \u00a1ven a la Ikastolara!"},"content":{"rendered":"\n<p>La <a href=\"https:\/\/oreretaikastola.eus\/ezagutu-gaitzazu\/\">campa\u00f1a de matriculaci\u00f3n para el curso 2024-25<\/a> estar\u00e1 en marcha del 7 al 23 de febrero, especialmente para la escolarizaci\u00f3n de ni\u00f1os y ni\u00f1as que hayan nacido en 2021 o 2022.<\/p>\n\n\n\n<p><strong>Orereta Ikastola<\/strong> realizar\u00e1 jornadas de puertas abiertas para conocer la <strong>Ikastola<\/strong> los d\u00edas 30 de enero y 1 de febrero (en euskera y castellano, respectivamente), a las 17:30 horas, en el edificio de Esmalteria. Estas \u00faltimas ser\u00e1n unas jornadas dirigidas a las familias de Educaci\u00f3n Infantil. Adem\u00e1s, ya se pueden realizar solicitudes para participar en visitas de grupos peque\u00f1os y para citas individuales <a href=\"https:\/\/oreretaikastola.eus\/es\/conocenos\/\">aqu\u00ed<\/a>. Para m\u00e1s informaci\u00f3n o para aclarar dudas, se puede llamar al tel\u00e9fono <a href=\"tel:943 52 03 97\">943 52 03 97<\/a> o escribir un mensaje a la direcci\u00f3n de correo electr\u00f3nico <a href=\"mailto:matrikulazioa@oreretaikastola.eus\">matrikulazioa@oreretaikastola.eus<\/a>.<\/p>\n\n\n\n<p><strong>Orereta Ikastola: de Euskal Herria, transformadora, comunitaria y verde<\/strong><\/p>\n\n\n\n<p><strong>Orereta Ikastola<\/strong> es un proyecto educativo propio de calidad, euskaldun, de Euskal Herria, de 0 a 18 a\u00f1os y transformador, basado en el euskera y la cultura vasca y abierto a otras lenguas y culturas. Siendo una cooperativa de bien com\u00fan y sin \u00e1nimo de lucro, es fruto de la mejora continua y de la colaboraci\u00f3n de toda la comunidad de la <strong>Ikastola<\/strong>; nacida del pueblo y para el pueblo. <strong>Orereta Ikastola<\/strong> cuenta con espacios reformados y adaptados a las necesidades educativas, comida casera, s\u00f3lidos proyectos de tutor\u00eda y orientaci\u00f3n, una escuela forestal propia y aulas de diversificaci\u00f3n curricular, entre otros.<\/p>\n\n\n\n<p>Egunero berri. Egunero herri. Zatoz Ikastolara!<\/p>\n","protected":false},"excerpt":{"rendered":"<p>La campa\u00f1a de matriculaci\u00f3n para el curso 2024-25 estar\u00e1 en marcha del 7 al 23 de febrero, especialmente para la escolarizaci\u00f3n de ni\u00f1os y ni\u00f1as que hayan nacido en 2021 o 2022. Orereta Ikastola realizar\u00e1 jornadas de puertas abiertas para conocer la Ikastola los d\u00edas 30 de enero y 1 de febrero (en euskera y &hellip; <a href=\"https:\/\/oreretaikastola.eus\/es\/2024\/01\/18\/matriculacion-2024-25-ven-a-la-ikastolara\/\">Continued<\/a><\/p>\n","protected":false},"author":2,"featured_media":49840,"comment_status":"open","ping_status":"open","sticky":false,"template":"","format":"standard","meta":{"footnotes":""},"categories":[75],"tags":[820,217],"acf":[],"_links":{"self":[{"href":"https:\/\/oreretaikastola.eus\/es\/wp-json\/wp\/v2\/posts\/50404"}],"collection":[{"href":"https:\/\/oreretaikastola.eus\/es\/wp-json\/wp\/v2\/posts"}],"about":[{"href":"https:\/\/oreretaikastola.eus\/es\/wp-json\/wp\/v2\/types\/post"}],"author":[{"embeddable":true,"href":"https:\/\/oreretaikastola.eus\/es\/wp-json\/wp\/v2\/users\/2"}],"replies":[{"embeddable":true,"href":"https:\/\/oreretaikastola.eus\/es\/wp-json\/wp\/v2\/comments?post=50404"}],"version-history":[{"count":2,"href":"https:\/\/oreretaikastola.eus\/es\/wp-json\/wp\/v2\/posts\/50404\/revisions"}],"predecessor-version":[{"id":50409,"href":"https:\/\/oreretaikastola.eus\/es\/wp-json\/wp\/v2\/posts\/50404\/revisions\/50409"}],"wp:featuredmedia":[{"embeddable":true,"href":"https:\/\/oreretaikastola.eus\/es\/wp-json\/wp\/v2\/media\/49840"}],"wp:attachment":[{"href":"https:\/\/oreretaikastola.eus\/es\/wp-json\/wp\/v2\/media?parent=50404"}],"wp:term":[{"taxonomy":"category","embeddable":true,"href":"https:\/\/oreretaikastola.eus\/es\/wp-json\/wp\/v2\/categories?post=50404"},{"taxonomy":"post_tag","embeddable":true,"href":"https:\/\/oreretaikastola.eus\/es\/wp-json\/wp\/v2\/tags?post=50404"}],"curies":[{"name":"wp","href":"https:\/\/api.w.org\/{rel}","templated":true}]}}