{"id":44827,"date":"2023-09-14T14:02:14","date_gmt":"2023-09-14T13:02:14","guid":{"rendered":"https:\/\/oreretaikastola.eus\/2023\/09\/14\/kilometroak-eguna-urriak-1-zatoz-laguntzera\/"},"modified":"2023-09-14T14:09:24","modified_gmt":"2023-09-14T13:09:24","slug":"kilometroak-eguna-urriak-1-zatoz-laguntzera","status":"publish","type":"post","link":"https:\/\/oreretaikastola.eus\/es\/2023\/09\/14\/kilometroak-eguna-urriak-1-zatoz-laguntzera\/","title":{"rendered":"Kilometroak Eguna (1 de octubre): \u00a1ven a ayudar!"},"content":{"rendered":"\n<p>El 1 de octubre se celebrar\u00e1 la gran fiesta que pondr\u00e1 la guinda a la trayectoria recorrida mes a mes durante el A\u00f1o<strong> Kilometroak<\/strong>: el <strong>Kilometroak<\/strong> Eguna. Y necesitamos voluntarios y voluntarias para que la cita sea redonda y memorable. Te necesitamos, os necesitamos; todas las manos ser\u00e1n bienvenidas.<\/p>\n\n\n\n<p>\u00a1Entra en la web <a rel=\"noreferrer noopener\" href=\"https:\/\/kilometroak.eus\/lagundu-nahi\/boluntario-izan-nahi-duzu\" target=\"_blank\">kilometroak.eus<\/a> y ap\u00fantate! Todas las labores y tareas est\u00e1n desglosadas por espacios, tambi\u00e9n se precisa el n\u00famero de voluntarias y voluntarios necesarios para cada tarea. \u00a1Ven a colaborar y a disfrutar! \u00a1Todas y todos juntos, para todas y todos! \u00a1Eskerrik asko, aldez aurretik!<\/p>\n","protected":false},"excerpt":{"rendered":"<p>El 1 de octubre se celebrar\u00e1 la gran fiesta que pondr\u00e1 la guinda a la trayectoria recorrida mes a mes durante el A\u00f1o Kilometroak: el Kilometroak Eguna. Y necesitamos voluntarios y voluntarias para que la cita sea redonda y memorable. Te necesitamos, os necesitamos; todas las manos ser\u00e1n bienvenidas. \u00a1Entra en la web kilometroak.eus y &hellip; <a href=\"https:\/\/oreretaikastola.eus\/es\/2023\/09\/14\/kilometroak-eguna-urriak-1-zatoz-laguntzera\/\">Continued<\/a><\/p>\n","protected":false},"author":2,"featured_media":44825,"comment_status":"open","ping_status":"open","sticky":false,"template":"","format":"standard","meta":{"footnotes":""},"categories":[759],"tags":[925,816,304],"acf":[],"_links":{"self":[{"href":"https:\/\/oreretaikastola.eus\/es\/wp-json\/wp\/v2\/posts\/44827"}],"collection":[{"href":"https:\/\/oreretaikastola.eus\/es\/wp-json\/wp\/v2\/posts"}],"about":[{"href":"https:\/\/oreretaikastola.eus\/es\/wp-json\/wp\/v2\/types\/post"}],"author":[{"embeddable":true,"href":"https:\/\/oreretaikastola.eus\/es\/wp-json\/wp\/v2\/users\/2"}],"replies":[{"embeddable":true,"href":"https:\/\/oreretaikastola.eus\/es\/wp-json\/wp\/v2\/comments?post=44827"}],"version-history":[{"count":1,"href":"https:\/\/oreretaikastola.eus\/es\/wp-json\/wp\/v2\/posts\/44827\/revisions"}],"predecessor-version":[{"id":44829,"href":"https:\/\/oreretaikastola.eus\/es\/wp-json\/wp\/v2\/posts\/44827\/revisions\/44829"}],"wp:featuredmedia":[{"embeddable":true,"href":"https:\/\/oreretaikastola.eus\/es\/wp-json\/wp\/v2\/media\/44825"}],"wp:attachment":[{"href":"https:\/\/oreretaikastola.eus\/es\/wp-json\/wp\/v2\/media?parent=44827"}],"wp:term":[{"taxonomy":"category","embeddable":true,"href":"https:\/\/oreretaikastola.eus\/es\/wp-json\/wp\/v2\/categories?post=44827"},{"taxonomy":"post_tag","embeddable":true,"href":"https:\/\/oreretaikastola.eus\/es\/wp-json\/wp\/v2\/tags?post=44827"}],"curies":[{"name":"wp","href":"https:\/\/api.w.org\/{rel}","templated":true}]}}