{"id":44812,"date":"2023-09-14T11:23:55","date_gmt":"2023-09-14T10:23:55","guid":{"rendered":"https:\/\/oreretaikastola.eus\/2023\/09\/14\/ikasle-ohien-bazkaria-irailaren-23an-anabitarten-zatoz\/"},"modified":"2023-09-14T11:36:44","modified_gmt":"2023-09-14T10:36:44","slug":"ikasle-ohien-bazkaria-irailaren-23an-anabitarten-zatoz","status":"publish","type":"post","link":"https:\/\/oreretaikastola.eus\/es\/2023\/09\/14\/ikasle-ohien-bazkaria-irailaren-23an-anabitarten-zatoz\/","title":{"rendered":"Comida de ex alumnos y alumnas el 23 de septiembre, en A\u00f1abitarte"},"content":{"rendered":"\n<p>Por los gratos recuerdos y experiencias de 2017, aprovechando el 60 aniversario de la <strong>Ikastola<\/strong> y el a\u00f1o <strong>Kilometroak<\/strong>, se celebrar\u00e1 una comida de ex alumnos y alumnas de la <strong>Ikastola<\/strong> el 23 de septiembre, en A\u00f1abitarte. Los tickets ya est\u00e1n a la venta (30\u20ac) en la tienda <strong>Erriola <\/strong>(herriko enparantza, 11); tambi\u00e9n se pueden comprar a trav\u00e9s de la aplicaci\u00f3n bizum o realizando una transferencia (Laboral Kutxa: 3035 0011 21 0110144146). El plazo para comprar los tickets finaliza el 18 de septiembre.<\/p>\n\n\n\n<p>El 23 de septiembre habr\u00e1 servicio de transporte Tulle-A\u00f1abitarte-Tulle, de 11:00 a 14:00 horas (subida) y de 19:00 a 21:00 horas (bajada) cada media hora, respectivamente. El men\u00fa consistir\u00e1 en ensaladilla rusa, ib\u00e9ricos, bonito y costilla a la parrilla, y \u00abpastelitos\u00bb de Ezeiza de postre. En caso de alergias, men\u00fas especiales o comida vegetariana, se debe enviar un correo electr\u00f3nico a <a href=\"mailto:erriolagunea@oreretaikastola.eus\">erriolagunea@oreretaikastola.eus<\/a> antes del 15 de septiembre. Para hacer la digensti\u00f3n y mover un poco el cuerpo, habr\u00e1 baile a partir de las 17:00 horas de la mano del DJ Iker Rodr\u00edguez.<\/p>\n\n\n\n<p>Volver a ver a viejos amigos y amigas, recordar historias de la \u00e9poca de la Ikastola, recorrer (y perderse) en los rincones de A\u00f1abitarte, comer, bailar y cantar&#8230; Apunta el d\u00eda en la agenda, \u00a1an\u00edmate!<\/p>\n","protected":false},"excerpt":{"rendered":"<p>Por los gratos recuerdos y experiencias de 2017, aprovechando el 60 aniversario de la Ikastola y el a\u00f1o Kilometroak, se celebrar\u00e1 una comida de ex alumnos y alumnas de la Ikastola el 23 de septiembre, en A\u00f1abitarte. Los tickets ya est\u00e1n a la venta (30\u20ac) en la tienda Erriola (herriko enparantza, 11); tambi\u00e9n se pueden &hellip; <a href=\"https:\/\/oreretaikastola.eus\/es\/2023\/09\/14\/ikasle-ohien-bazkaria-irailaren-23an-anabitarten-zatoz\/\">Continued<\/a><\/p>\n","protected":false},"author":2,"featured_media":42410,"comment_status":"open","ping_status":"open","sticky":false,"template":"","format":"standard","meta":{"footnotes":""},"categories":[75,759],"tags":[922,816,923,304],"acf":[],"_links":{"self":[{"href":"https:\/\/oreretaikastola.eus\/es\/wp-json\/wp\/v2\/posts\/44812"}],"collection":[{"href":"https:\/\/oreretaikastola.eus\/es\/wp-json\/wp\/v2\/posts"}],"about":[{"href":"https:\/\/oreretaikastola.eus\/es\/wp-json\/wp\/v2\/types\/post"}],"author":[{"embeddable":true,"href":"https:\/\/oreretaikastola.eus\/es\/wp-json\/wp\/v2\/users\/2"}],"replies":[{"embeddable":true,"href":"https:\/\/oreretaikastola.eus\/es\/wp-json\/wp\/v2\/comments?post=44812"}],"version-history":[{"count":1,"href":"https:\/\/oreretaikastola.eus\/es\/wp-json\/wp\/v2\/posts\/44812\/revisions"}],"predecessor-version":[{"id":44815,"href":"https:\/\/oreretaikastola.eus\/es\/wp-json\/wp\/v2\/posts\/44812\/revisions\/44815"}],"wp:featuredmedia":[{"embeddable":true,"href":"https:\/\/oreretaikastola.eus\/es\/wp-json\/wp\/v2\/media\/42410"}],"wp:attachment":[{"href":"https:\/\/oreretaikastola.eus\/es\/wp-json\/wp\/v2\/media?parent=44812"}],"wp:term":[{"taxonomy":"category","embeddable":true,"href":"https:\/\/oreretaikastola.eus\/es\/wp-json\/wp\/v2\/categories?post=44812"},{"taxonomy":"post_tag","embeddable":true,"href":"https:\/\/oreretaikastola.eus\/es\/wp-json\/wp\/v2\/tags?post=44812"}],"curies":[{"name":"wp","href":"https:\/\/api.w.org\/{rel}","templated":true}]}}