{"id":44795,"date":"2023-09-14T10:48:13","date_gmt":"2023-09-14T09:48:13","guid":{"rendered":"https:\/\/oreretaikastola.eus\/?p=44795"},"modified":"2023-09-14T11:06:02","modified_gmt":"2023-09-14T10:06:02","slug":"la-exposicion-erriotik-herri-y-el-taller-errioartea-en-atlantikaldia","status":"publish","type":"post","link":"https:\/\/oreretaikastola.eus\/es\/2023\/09\/14\/la-exposicion-erriotik-herri-y-el-taller-errioartea-en-atlantikaldia\/","title":{"rendered":"\u00a1La exposici\u00f3n \u00abErriotik herri\u00bb y el taller \u00abErrioartea\u00bb en Atlantikaldia!"},"content":{"rendered":"\n<p>Del 14 al 17 de septiembre, desde hoy y hasta el domingo, <strong>Kilometroak 23<\/strong> y su <strong>lema \u00abErriola\u00bb <\/strong>tendr\u00e1n presencia en el festival <strong><a rel=\"noreferrer noopener\" href=\"https:\/\/www.atlantikaldia.errenteria.eus\/es\/\" target=\"_blank\">Atlantikaldia<\/a><\/strong> que durante estos d\u00edas har\u00e1 llegar las mareas, el mar y el salitre hasta nuestro pueblo. Se tratar\u00e1 de dos actividades que ha organizado <strong>Orereta Ikastola<\/strong>: la exposici\u00f3n \u00abErriotik herri\u00bb y el taller \u00abErrioartea\u00bb, la ocasi\u00f3n para ver y para crear obras inspiradas en el lema <strong>\u00abErriola\u00bb<\/strong> de <strong>Kilometroak 23<\/strong>. <\/p>\n\n\n\n<p><strong>Exposici\u00f3n \u00abErriotik herri\u00bb<\/strong><\/p>\n\n\n\n<p>Inspirado en &#8216;Erriola&#8217;, lema del Kilometroak 23, se trata de la exposici\u00f3n de obras de cemento creadas por el alumnado m\u00e1s mayor de LH de Orereta Ikastola. Est\u00e1n expuestas en Xenpelar Etxea (Madalen kalea, 24).<\/p>\n\n\n\n<p>Horario:<\/p>\n\n\n\n<ul>\n<li>Jueves y viernes: de 17:00 a 20:00 horas<\/li>\n\n\n\n<li>S\u00e1bado: de 11:00 a 14:00 horas \/ de 17:00 a 20:00 horas<\/li>\n\n\n\n<li>Domingo: de 11:00 a 14:00 horas<\/li>\n<\/ul>\n\n\n\n<p><strong>Taller \u201cErrioartea\u201d<\/strong><\/p>\n\n\n\n<p>Inspirado en &#8216;Erriola&#8217;, lema del Kilometroak 23, se trata de un taller de creaci\u00f3n art\u00edstica con plastilina (turnos de 20 minutos). Las obras realizadas se mostrar\u00e1n en la exposici\u00f3n Errioartea hasta que las y los autores las recojan al finalizar Atlantikaldia. Taller para familias con ni\u00f1os y ni\u00f1as peque\u00f1as, y ni\u00f1os y ni\u00f1as un poco m\u00e1s mayores.<\/p>\n\n\n\n<p>Atlantikaldian egongo gara eta, egin zaiguzu bisita!<\/p>\n","protected":false},"excerpt":{"rendered":"<p>Del 14 al 17 de septiembre, desde hoy y hasta el domingo, Kilometroak 23 y su lema \u00abErriola\u00bb tendr\u00e1n presencia en el festival Atlantikaldia que durante estos d\u00edas har\u00e1 llegar las mareas, el mar y el salitre hasta nuestro pueblo. Se tratar\u00e1 de dos actividades que ha organizado Orereta Ikastola: la exposici\u00f3n \u00abErriotik herri\u00bb y &hellip; <a href=\"https:\/\/oreretaikastola.eus\/es\/2023\/09\/14\/la-exposicion-erriotik-herri-y-el-taller-errioartea-en-atlantikaldia\/\">Continued<\/a><\/p>\n","protected":false},"author":2,"featured_media":44798,"comment_status":"open","ping_status":"open","sticky":false,"template":"","format":"standard","meta":{"footnotes":""},"categories":[759],"tags":[916,816,304],"acf":[],"_links":{"self":[{"href":"https:\/\/oreretaikastola.eus\/es\/wp-json\/wp\/v2\/posts\/44795"}],"collection":[{"href":"https:\/\/oreretaikastola.eus\/es\/wp-json\/wp\/v2\/posts"}],"about":[{"href":"https:\/\/oreretaikastola.eus\/es\/wp-json\/wp\/v2\/types\/post"}],"author":[{"embeddable":true,"href":"https:\/\/oreretaikastola.eus\/es\/wp-json\/wp\/v2\/users\/2"}],"replies":[{"embeddable":true,"href":"https:\/\/oreretaikastola.eus\/es\/wp-json\/wp\/v2\/comments?post=44795"}],"version-history":[{"count":3,"href":"https:\/\/oreretaikastola.eus\/es\/wp-json\/wp\/v2\/posts\/44795\/revisions"}],"predecessor-version":[{"id":44803,"href":"https:\/\/oreretaikastola.eus\/es\/wp-json\/wp\/v2\/posts\/44795\/revisions\/44803"}],"wp:featuredmedia":[{"embeddable":true,"href":"https:\/\/oreretaikastola.eus\/es\/wp-json\/wp\/v2\/media\/44798"}],"wp:attachment":[{"href":"https:\/\/oreretaikastola.eus\/es\/wp-json\/wp\/v2\/media?parent=44795"}],"wp:term":[{"taxonomy":"category","embeddable":true,"href":"https:\/\/oreretaikastola.eus\/es\/wp-json\/wp\/v2\/categories?post=44795"},{"taxonomy":"post_tag","embeddable":true,"href":"https:\/\/oreretaikastola.eus\/es\/wp-json\/wp\/v2\/tags?post=44795"}],"curies":[{"name":"wp","href":"https:\/\/api.w.org\/{rel}","templated":true}]}}