{"id":3093,"date":"2020-09-04T13:37:42","date_gmt":"2020-09-04T13:37:42","guid":{"rendered":"https:\/\/oreretaikastola.eus\/2020\/09\/04\/covid19-ikasturtearen-nondik-norakoak\/"},"modified":"2020-11-02T10:49:10","modified_gmt":"2020-11-02T10:49:10","slug":"covid-19-pormenores-de-organizacion-y-funcionamiento","status":"publish","type":"post","link":"https:\/\/oreretaikastola.eus\/es\/2020\/09\/04\/covid-19-pormenores-de-organizacion-y-funcionamiento\/","title":{"rendered":"COVID-19: pormenores de organizaci\u00f3n y funcionamiento"},"content":{"rendered":"\n<p>Por motivo del COVID-19, considerando las directrices de las entidades competentes, en <strong>Orereta Ikastola <\/strong>hemos adaptado nuestros planes y hemos tomado varias decisiones. <\/p>\n\n\n\n<p>Tal como se adelant\u00f3 en julio, son tres los escenarios posibles para el arranque del curso: la actividad presencial, mixta o a distancia. Iniciaremos el curso en el primer escenario: <strong>todos los alumnos y alumnas acudir\u00e1n a la Ikastola, respetando las medidas, criterios y protocolos para evitar la difusi\u00f3n del COVID-19.<\/strong><\/p>\n\n\n\n<p id=\"E818\">Para poder organizar y programar el curso 2020-21 hemos tenido en cuenta los siguientes <strong>objetivos y criterios<\/strong>:<\/p>\n\n\n\n<ul><li>Proteger la salud de todo el alumnado, plantilla y familias de la <strong>Ikastola<\/strong><\/li><li>Cumplir los decretos y reglamentos de los Departamentos de Salud, Trabajo y Educaci\u00f3n del Gobierno Vasco<\/li><li>Cumplir con nuestra funci\u00f3n como <strong>Ikastola<\/strong>, respondiendo a las necesidades educativas y al desarrollo personal de nuestros alumnos y alumnas de forma integral, y adaptando los recursos a ello<\/li><li>Facilitar la organizaci\u00f3n y conciliaci\u00f3n de las familias<\/li><li>Preparar tanto al profesorado como al alumnado para cualquier escenario posible<\/li><\/ul>\n\n\n\n<p><strong>Toda la informaci\u00f3n que tenemos a nuestro alcance sobre el curso 2020-21 -que estar\u00e1 condicionado por el COVID-19- est\u00e1 disponible en el <a href=\"https:\/\/oreretaikastola.eus\/es\/familias\/covid19\/\">apartado COVID-19 de esta p\u00e1gina web<\/a><\/strong>. Porque la situaci\u00f3n puede ser cambiante, iremos reuniendo y actualizando toda la informaci\u00f3n relacionada al tema en ese lugar. Para cualquier duda o pregunta dirigirse a la <strong>secretar\u00eda de la Ikastola<\/strong> (943 52 03 97 \/<a is=\"qowt-hyperlink\" rel=\"noreferrer noopener\" href=\"mailto:idazkaritza@oreretaikastola.eus\" target=\"_blank\"> idazkaritza@oreretaikastola.eus<\/a>)<\/p>\n","protected":false},"excerpt":{"rendered":"<p>Por motivo del COVID-19, considerando las directrices de las entidades competentes, en Orereta Ikastola hemos adaptado nuestros planes y hemos tomado varias decisiones. Tal como se adelant\u00f3 en julio, son tres los escenarios posibles para el arranque del curso: la actividad presencial, mixta o a distancia. Iniciaremos el curso en el primer escenario: todos los &hellip; <a href=\"https:\/\/oreretaikastola.eus\/es\/2020\/09\/04\/covid-19-pormenores-de-organizacion-y-funcionamiento\/\">Continued<\/a><\/p>\n","protected":false},"author":1,"featured_media":899,"comment_status":"open","ping_status":"open","sticky":false,"template":"","format":"standard","meta":{"footnotes":""},"categories":[75],"tags":[90,91,92,93],"acf":[],"_links":{"self":[{"href":"https:\/\/oreretaikastola.eus\/es\/wp-json\/wp\/v2\/posts\/3093"}],"collection":[{"href":"https:\/\/oreretaikastola.eus\/es\/wp-json\/wp\/v2\/posts"}],"about":[{"href":"https:\/\/oreretaikastola.eus\/es\/wp-json\/wp\/v2\/types\/post"}],"author":[{"embeddable":true,"href":"https:\/\/oreretaikastola.eus\/es\/wp-json\/wp\/v2\/users\/1"}],"replies":[{"embeddable":true,"href":"https:\/\/oreretaikastola.eus\/es\/wp-json\/wp\/v2\/comments?post=3093"}],"version-history":[{"count":8,"href":"https:\/\/oreretaikastola.eus\/es\/wp-json\/wp\/v2\/posts\/3093\/revisions"}],"predecessor-version":[{"id":4358,"href":"https:\/\/oreretaikastola.eus\/es\/wp-json\/wp\/v2\/posts\/3093\/revisions\/4358"}],"wp:featuredmedia":[{"embeddable":true,"href":"https:\/\/oreretaikastola.eus\/es\/wp-json\/wp\/v2\/media\/899"}],"wp:attachment":[{"href":"https:\/\/oreretaikastola.eus\/es\/wp-json\/wp\/v2\/media?parent=3093"}],"wp:term":[{"taxonomy":"category","embeddable":true,"href":"https:\/\/oreretaikastola.eus\/es\/wp-json\/wp\/v2\/categories?post=3093"},{"taxonomy":"post_tag","embeddable":true,"href":"https:\/\/oreretaikastola.eus\/es\/wp-json\/wp\/v2\/tags?post=3093"}],"curies":[{"name":"wp","href":"https:\/\/api.w.org\/{rel}","templated":true}]}}