{"id":22645,"date":"2022-03-07T08:31:55","date_gmt":"2022-03-07T07:31:55","guid":{"rendered":"https:\/\/oreretaikastola.eus\/?p=22645"},"modified":"2022-03-07T08:39:16","modified_gmt":"2022-03-07T07:39:16","slug":"ikastolaren-komunitatea-berdintasunaren-alde-bat-eginik","status":"publish","type":"post","link":"https:\/\/oreretaikastola.eus\/es\/2022\/03\/07\/ikastolaren-komunitatea-berdintasunaren-alde-bat-eginik\/","title":{"rendered":"La comunidad de la Ikastola unida por la igualdad"},"content":{"rendered":"\n<p>La comunidad de Orereta Ikastola, formada por trabajadoras, madres, alumnas y antiguas alumnas, se ha sumado a la Lilaton de Donostia a favor de la igualdad de las mujeres. Cerca de 5.000 corredoras han participado el d\u00eda de la reivindicaci\u00f3n.<br><br>El 8 de marzo, a favor de la igualdad, se celebrar\u00e1 MoreretaOn en los tres espacios de la Ikastola: A\u00f1abitarte, Lino y Esmalterian. <\/p>\n\n\n\n<figure class=\"wp-block-gallery columns-1 is-cropped wp-block-gallery-1 is-layout-flex wp-block-gallery-is-layout-flex\"><ul class=\"blocks-gallery-grid\"><li class=\"blocks-gallery-item\"><figure><img decoding=\"async\" loading=\"lazy\" width=\"1024\" height=\"768\" src=\"\/app\/uploads\/2022\/03\/Lilaton-1-1024x768.jpeg\" alt=\"\" data-id=\"22642\" data-full-url=\"\/app\/uploads\/2022\/03\/Lilaton-1.jpeg\" data-link=\"https:\/\/oreretaikastola.eus\/es\/lilaton-2-2\/\" class=\"wp-image-22642\" srcset=\"\/app\/uploads\/2022\/03\/Lilaton-1-1024x768.jpeg 1024w, \/app\/uploads\/2022\/03\/Lilaton-1-300x225.jpeg 300w, \/app\/uploads\/2022\/03\/Lilaton-1-768x576.jpeg 768w, \/app\/uploads\/2022\/03\/Lilaton-1-1536x1152.jpeg 1536w, \/app\/uploads\/2022\/03\/Lilaton-1-1320x990.jpeg 1320w, \/app\/uploads\/2022\/03\/Lilaton-1.jpeg 2048w\" sizes=\"(max-width: 1024px) 100vw, 1024px\" \/><\/figure><\/li><\/ul><\/figure>\n","protected":false},"excerpt":{"rendered":"<p>La comunidad de Orereta Ikastola, formada por trabajadoras, madres, alumnas y antiguas alumnas, se ha sumado a la Lilaton de Donostia a favor de la igualdad de las mujeres. Cerca de 5.000 corredoras han participado el d\u00eda de la reivindicaci\u00f3n. El 8 de marzo, a favor de la igualdad, se celebrar\u00e1 MoreretaOn en los tres &hellip; <a href=\"https:\/\/oreretaikastola.eus\/es\/2022\/03\/07\/ikastolaren-komunitatea-berdintasunaren-alde-bat-eginik\/\">Continued<\/a><\/p>\n","protected":false},"author":2,"featured_media":22642,"comment_status":"open","ping_status":"open","sticky":false,"template":"","format":"standard","meta":{"footnotes":""},"categories":[75],"tags":[268,618,592],"acf":[],"_links":{"self":[{"href":"https:\/\/oreretaikastola.eus\/es\/wp-json\/wp\/v2\/posts\/22645"}],"collection":[{"href":"https:\/\/oreretaikastola.eus\/es\/wp-json\/wp\/v2\/posts"}],"about":[{"href":"https:\/\/oreretaikastola.eus\/es\/wp-json\/wp\/v2\/types\/post"}],"author":[{"embeddable":true,"href":"https:\/\/oreretaikastola.eus\/es\/wp-json\/wp\/v2\/users\/2"}],"replies":[{"embeddable":true,"href":"https:\/\/oreretaikastola.eus\/es\/wp-json\/wp\/v2\/comments?post=22645"}],"version-history":[{"count":2,"href":"https:\/\/oreretaikastola.eus\/es\/wp-json\/wp\/v2\/posts\/22645\/revisions"}],"predecessor-version":[{"id":22647,"href":"https:\/\/oreretaikastola.eus\/es\/wp-json\/wp\/v2\/posts\/22645\/revisions\/22647"}],"wp:featuredmedia":[{"embeddable":true,"href":"https:\/\/oreretaikastola.eus\/es\/wp-json\/wp\/v2\/media\/22642"}],"wp:attachment":[{"href":"https:\/\/oreretaikastola.eus\/es\/wp-json\/wp\/v2\/media?parent=22645"}],"wp:term":[{"taxonomy":"category","embeddable":true,"href":"https:\/\/oreretaikastola.eus\/es\/wp-json\/wp\/v2\/categories?post=22645"},{"taxonomy":"post_tag","embeddable":true,"href":"https:\/\/oreretaikastola.eus\/es\/wp-json\/wp\/v2\/tags?post=22645"}],"curies":[{"name":"wp","href":"https:\/\/api.w.org\/{rel}","templated":true}]}}