{"id":21705,"date":"2022-01-19T13:30:22","date_gmt":"2022-01-19T12:30:22","guid":{"rendered":"https:\/\/oreretaikastola.eus\/?p=21705"},"modified":"2022-01-19T13:30:23","modified_gmt":"2022-01-19T12:30:23","slug":"conociendo-de-cerca-la-enfermedad-perthes","status":"publish","type":"post","link":"https:\/\/oreretaikastola.eus\/es\/2022\/01\/19\/conociendo-de-cerca-la-enfermedad-perthes\/","title":{"rendered":"Conociendo de cerca la enfermedad Perthes"},"content":{"rendered":"\n<p>La lista de enfermedades consideradas \u201craras\u201d es cada vez m\u00e1s larga. En los \u00faltimos a\u00f1os su n\u00famero ha aumentado. Una de ellas es la enfermedad de Perthes, y esta semana, el 17 de enero, ASFAPE (Asociaci\u00f3n de familias con Perhes) ha celebrado un d\u00eda de concienciaci\u00f3n. Se han organizado varias iniciativas con el objetivo de dar visibilidad a esta enfermedad.<\/p>\n\n\n\n<p>El alumnado de LH 1 de Orereta Ikastola ha realizado un trabajo especial para que los m\u00e1s j\u00f3venes conozcan qu\u00e9 es esta enfermedad.<\/p>\n\n\n\n<figure class=\"wp-block-gallery columns-3 is-cropped wp-block-gallery-1 is-layout-flex wp-block-gallery-is-layout-flex\"><ul class=\"blocks-gallery-grid\"><li class=\"blocks-gallery-item\"><figure><img decoding=\"async\" loading=\"lazy\" width=\"1024\" height=\"768\" src=\"\/app\/uploads\/2022\/01\/IMG-20220118-WA0003.jpg\" alt=\"\" data-id=\"21699\" data-full-url=\"\/app\/uploads\/2022\/01\/IMG-20220118-WA0003.jpg\" data-link=\"https:\/\/oreretaikastola.eus\/es\/img-20220118-wa0003-2\/\" class=\"wp-image-21699\" srcset=\"\/app\/uploads\/2022\/01\/IMG-20220118-WA0003.jpg 1024w, \/app\/uploads\/2022\/01\/IMG-20220118-WA0003-300x225.jpg 300w, \/app\/uploads\/2022\/01\/IMG-20220118-WA0003-768x576.jpg 768w\" sizes=\"(max-width: 1024px) 100vw, 1024px\" \/><\/figure><\/li><li class=\"blocks-gallery-item\"><figure><img decoding=\"async\" loading=\"lazy\" width=\"768\" height=\"1024\" src=\"\/app\/uploads\/2022\/01\/IMG-20220118-WA0004.jpg\" alt=\"\" data-id=\"21701\" data-full-url=\"\/app\/uploads\/2022\/01\/IMG-20220118-WA0004.jpg\" data-link=\"https:\/\/oreretaikastola.eus\/es\/img-20220118-wa0004-2\/\" class=\"wp-image-21701\" srcset=\"\/app\/uploads\/2022\/01\/IMG-20220118-WA0004.jpg 768w, \/app\/uploads\/2022\/01\/IMG-20220118-WA0004-225x300.jpg 225w\" sizes=\"(max-width: 768px) 100vw, 768px\" \/><\/figure><\/li><li class=\"blocks-gallery-item\"><figure><img decoding=\"async\" loading=\"lazy\" width=\"768\" height=\"1024\" src=\"\/app\/uploads\/2022\/01\/IMG-20220118-WA0002.jpg\" alt=\"\" data-id=\"21697\" data-full-url=\"\/app\/uploads\/2022\/01\/IMG-20220118-WA0002.jpg\" data-link=\"https:\/\/oreretaikastola.eus\/es\/img-20220118-wa0002-2\/\" class=\"wp-image-21697\" srcset=\"\/app\/uploads\/2022\/01\/IMG-20220118-WA0002.jpg 768w, \/app\/uploads\/2022\/01\/IMG-20220118-WA0002-225x300.jpg 225w\" sizes=\"(max-width: 768px) 100vw, 768px\" \/><\/figure><\/li><li class=\"blocks-gallery-item\"><figure><img decoding=\"async\" loading=\"lazy\" width=\"768\" height=\"1024\" src=\"\/app\/uploads\/2022\/01\/IMG-20220118-WA0007.jpg\" alt=\"\" data-id=\"21695\" data-full-url=\"\/app\/uploads\/2022\/01\/IMG-20220118-WA0007.jpg\" data-link=\"https:\/\/oreretaikastola.eus\/es\/img-20220118-wa0007-2\/\" class=\"wp-image-21695\" srcset=\"\/app\/uploads\/2022\/01\/IMG-20220118-WA0007.jpg 768w, \/app\/uploads\/2022\/01\/IMG-20220118-WA0007-225x300.jpg 225w\" sizes=\"(max-width: 768px) 100vw, 768px\" \/><\/figure><\/li><li class=\"blocks-gallery-item\"><figure><img decoding=\"async\" loading=\"lazy\" width=\"768\" height=\"1024\" src=\"\/app\/uploads\/2022\/01\/IMG-20220118-WA0006.jpg\" alt=\"\" data-id=\"21693\" data-full-url=\"\/app\/uploads\/2022\/01\/IMG-20220118-WA0006.jpg\" data-link=\"https:\/\/oreretaikastola.eus\/es\/img-20220118-wa0006-2\/\" class=\"wp-image-21693\" srcset=\"\/app\/uploads\/2022\/01\/IMG-20220118-WA0006.jpg 768w, \/app\/uploads\/2022\/01\/IMG-20220118-WA0006-225x300.jpg 225w\" sizes=\"(max-width: 768px) 100vw, 768px\" \/><\/figure><\/li><li class=\"blocks-gallery-item\"><figure><img decoding=\"async\" loading=\"lazy\" width=\"768\" height=\"1024\" src=\"\/app\/uploads\/2022\/01\/IMG-20220118-WA0005.jpg\" alt=\"\" data-id=\"21691\" data-full-url=\"\/app\/uploads\/2022\/01\/IMG-20220118-WA0005.jpg\" data-link=\"https:\/\/oreretaikastola.eus\/es\/img-20220118-wa0005-2\/\" class=\"wp-image-21691\" srcset=\"\/app\/uploads\/2022\/01\/IMG-20220118-WA0005.jpg 768w, \/app\/uploads\/2022\/01\/IMG-20220118-WA0005-225x300.jpg 225w\" sizes=\"(max-width: 768px) 100vw, 768px\" \/><\/figure><\/li><\/ul><\/figure>\n\n\n\n<p>La asociaci\u00f3n ASFAPE ha puesto en marcha una recaudaci\u00f3n para que los ni\u00f1os y ni\u00f1as tengan un campamento. Los colaboradores participar\u00e1n en el sorteo de dos lotes otorgados por la Real Sociedad.<\/p>\n","protected":false},"excerpt":{"rendered":"<p>La lista de enfermedades consideradas \u201craras\u201d es cada vez m\u00e1s larga. En los \u00faltimos a\u00f1os su n\u00famero ha aumentado. Una de ellas es la enfermedad de Perthes, y esta semana, el 17 de enero, ASFAPE (Asociaci\u00f3n de familias con Perhes) ha celebrado un d\u00eda de concienciaci\u00f3n. Se han organizado varias iniciativas con el objetivo de &hellip; <a href=\"https:\/\/oreretaikastola.eus\/es\/2022\/01\/19\/conociendo-de-cerca-la-enfermedad-perthes\/\">Continued<\/a><\/p>\n","protected":false},"author":2,"featured_media":21699,"comment_status":"open","ping_status":"open","sticky":false,"template":"","format":"standard","meta":{"footnotes":""},"categories":[99],"tags":[540,541],"acf":[],"_links":{"self":[{"href":"https:\/\/oreretaikastola.eus\/es\/wp-json\/wp\/v2\/posts\/21705"}],"collection":[{"href":"https:\/\/oreretaikastola.eus\/es\/wp-json\/wp\/v2\/posts"}],"about":[{"href":"https:\/\/oreretaikastola.eus\/es\/wp-json\/wp\/v2\/types\/post"}],"author":[{"embeddable":true,"href":"https:\/\/oreretaikastola.eus\/es\/wp-json\/wp\/v2\/users\/2"}],"replies":[{"embeddable":true,"href":"https:\/\/oreretaikastola.eus\/es\/wp-json\/wp\/v2\/comments?post=21705"}],"version-history":[{"count":1,"href":"https:\/\/oreretaikastola.eus\/es\/wp-json\/wp\/v2\/posts\/21705\/revisions"}],"predecessor-version":[{"id":21706,"href":"https:\/\/oreretaikastola.eus\/es\/wp-json\/wp\/v2\/posts\/21705\/revisions\/21706"}],"wp:featuredmedia":[{"embeddable":true,"href":"https:\/\/oreretaikastola.eus\/es\/wp-json\/wp\/v2\/media\/21699"}],"wp:attachment":[{"href":"https:\/\/oreretaikastola.eus\/es\/wp-json\/wp\/v2\/media?parent=21705"}],"wp:term":[{"taxonomy":"category","embeddable":true,"href":"https:\/\/oreretaikastola.eus\/es\/wp-json\/wp\/v2\/categories?post=21705"},{"taxonomy":"post_tag","embeddable":true,"href":"https:\/\/oreretaikastola.eus\/es\/wp-json\/wp\/v2\/tags?post=21705"}],"curies":[{"name":"wp","href":"https:\/\/api.w.org\/{rel}","templated":true}]}}