{"id":19586,"date":"2021-10-22T12:18:01","date_gmt":"2021-10-22T11:18:01","guid":{"rendered":"https:\/\/oreretaikastola.eus\/?p=19586"},"modified":"2021-10-22T12:20:35","modified_gmt":"2021-10-22T11:20:35","slug":"la-ikastola-ha-organizado-gau-beltza-desde-el-pueblo-para-el-pueblo","status":"publish","type":"post","link":"https:\/\/oreretaikastola.eus\/es\/2021\/10\/22\/la-ikastola-ha-organizado-gau-beltza-desde-el-pueblo-para-el-pueblo\/","title":{"rendered":"La Ikastola ha organizado Gau Beltza, desde el pueblo para el pueblo"},"content":{"rendered":"<div\nclass=\"orbit\"\nrole=\"region\"\naria-label=\"\"\ndata-orbit\ndata-options=\"pauseOnHover:false; animInFromLeft:fade-in; animInFromRight:fade-in; animOutToLeft:fade-out; animOutToRight:fade-out;\"\ndata-auto-play=\"true\"\ndata-use-m-u-i=\"true\"\n>\n\n  <div class=\"orbit-wrapper\">\n    <ul class=\"orbit-container slider-header \">\n      <li class=\"is-active orbit-slide\" style=\"background-image:url(\/app\/uploads\/2021\/10\/IMG_7594-scaled.jpg);\">\n        <figcaption class=\"orbit-caption\">\n                            <\/figcaption>\n      <\/li>\n    <\/ul>\n  <\/div>\n\n<\/div>\n\n\n\n<p>Orereta Ikastola ha organizado por segunda vez Gau Beltza, el d\u00eda 31 de octubre, con la colaboraci\u00f3n de los agentes locales Lau Haizetara, la cofrad\u00eda de Tambores Amulleta, el euskaltegi Xenpelar AEK, el grupo de danza Ereintza, la asociaci\u00f3n mendizale Urdaburu, los monitores de Aisiola, etc. La propuesta es Kalabazaren bidea, un camino lleno de sorpresas que partir\u00e1 a las 19:30 de la tarde de Santa Clara y que, tras pasar por varias calles del pueblo, finalizar\u00e1 en la Alameda de Gam\u00f3n.<\/p>\n\n\n\n<figure data-tanit-img-width=\"1811\" data-tanit-img-height=\"2560\" class=\"wp-block-image size-large is-resized\"><img decoding=\"async\" loading=\"lazy\" src=\"\/app\/uploads\/2021\/10\/Gau-beltza_2021-724x1024.jpg\" alt=\"Gau beltza kartela\" class=\"wp-image-19578\" width=\"305\" height=\"431\" srcset=\"\/app\/uploads\/2021\/10\/Gau-beltza_2021-724x1024.jpg 724w, \/app\/uploads\/2021\/10\/Gau-beltza_2021-212x300.jpg 212w, \/app\/uploads\/2021\/10\/Gau-beltza_2021-768x1086.jpg 768w, \/app\/uploads\/2021\/10\/Gau-beltza_2021-1086x1536.jpg 1086w, \/app\/uploads\/2021\/10\/Gau-beltza_2021-1449x2048.jpg 1449w, \/app\/uploads\/2021\/10\/Gau-beltza_2021-1320x1866.jpg 1320w, \/app\/uploads\/2021\/10\/Gau-beltza_2021-scaled.jpg 1811w\" sizes=\"(max-width: 305px) 100vw, 305px\" \/><\/figure>\n","protected":false},"excerpt":{"rendered":"<p>Orereta Ikastola ha organizado por segunda vez Gau Beltza, el d\u00eda 31 de octubre, con la colaboraci\u00f3n de los agentes locales Lau Haizetara, la cofrad\u00eda de Tambores Amulleta, el euskaltegi Xenpelar AEK, el grupo de danza Ereintza, la asociaci\u00f3n mendizale Urdaburu, los monitores de Aisiola, etc. La propuesta es Kalabazaren bidea, un camino lleno de &hellip; <a href=\"https:\/\/oreretaikastola.eus\/es\/2021\/10\/22\/la-ikastola-ha-organizado-gau-beltza-desde-el-pueblo-para-el-pueblo\/\">Continued<\/a><\/p>\n","protected":false},"author":2,"featured_media":19571,"comment_status":"open","ping_status":"open","sticky":false,"template":"","format":"standard","meta":{"footnotes":""},"categories":[75],"tags":[84],"acf":[],"_links":{"self":[{"href":"https:\/\/oreretaikastola.eus\/es\/wp-json\/wp\/v2\/posts\/19586"}],"collection":[{"href":"https:\/\/oreretaikastola.eus\/es\/wp-json\/wp\/v2\/posts"}],"about":[{"href":"https:\/\/oreretaikastola.eus\/es\/wp-json\/wp\/v2\/types\/post"}],"author":[{"embeddable":true,"href":"https:\/\/oreretaikastola.eus\/es\/wp-json\/wp\/v2\/users\/2"}],"replies":[{"embeddable":true,"href":"https:\/\/oreretaikastola.eus\/es\/wp-json\/wp\/v2\/comments?post=19586"}],"version-history":[{"count":5,"href":"https:\/\/oreretaikastola.eus\/es\/wp-json\/wp\/v2\/posts\/19586\/revisions"}],"predecessor-version":[{"id":19593,"href":"https:\/\/oreretaikastola.eus\/es\/wp-json\/wp\/v2\/posts\/19586\/revisions\/19593"}],"wp:featuredmedia":[{"embeddable":true,"href":"https:\/\/oreretaikastola.eus\/es\/wp-json\/wp\/v2\/media\/19571"}],"wp:attachment":[{"href":"https:\/\/oreretaikastola.eus\/es\/wp-json\/wp\/v2\/media?parent=19586"}],"wp:term":[{"taxonomy":"category","embeddable":true,"href":"https:\/\/oreretaikastola.eus\/es\/wp-json\/wp\/v2\/categories?post=19586"},{"taxonomy":"post_tag","embeddable":true,"href":"https:\/\/oreretaikastola.eus\/es\/wp-json\/wp\/v2\/tags?post=19586"}],"curies":[{"name":"wp","href":"https:\/\/api.w.org\/{rel}","templated":true}]}}