{"id":19402,"date":"2021-10-15T14:18:36","date_gmt":"2021-10-15T13:18:36","guid":{"rendered":"https:\/\/oreretaikastola.eus\/?p=19402"},"modified":"2021-10-15T14:18:37","modified_gmt":"2021-10-15T13:18:37","slug":"excursion-a-oianleku","status":"publish","type":"post","link":"https:\/\/oreretaikastola.eus\/es\/2021\/10\/15\/excursion-a-oianleku\/","title":{"rendered":"Excursi\u00f3n a Oianleku"},"content":{"rendered":"\n<p>Con un tiempo t\u00edpico de oto\u00f1o, el alumnado de LH3 a ido a Oianleku de excursi\u00f3n. <\/p>\n\n\n\n<figure class=\"wp-block-gallery columns-3 is-cropped wp-block-gallery-1 is-layout-flex wp-block-gallery-is-layout-flex\"><ul class=\"blocks-gallery-grid\"><li class=\"blocks-gallery-item\"><figure><img decoding=\"async\" loading=\"lazy\" width=\"575\" height=\"1024\" src=\"\/app\/uploads\/2021\/10\/1634301996429-575x1024.jpg\" alt=\"\" data-id=\"19400\" data-full-url=\"\/app\/uploads\/2021\/10\/1634301996429.jpg\" data-link=\"https:\/\/oreretaikastola.eus\/es\/1634301996429-2\/\" class=\"wp-image-19400\" srcset=\"\/app\/uploads\/2021\/10\/1634301996429-575x1024.jpg 575w, \/app\/uploads\/2021\/10\/1634301996429-169x300.jpg 169w, \/app\/uploads\/2021\/10\/1634301996429-768x1367.jpg 768w, \/app\/uploads\/2021\/10\/1634301996429-863x1536.jpg 863w, \/app\/uploads\/2021\/10\/1634301996429.jpg 899w\" sizes=\"(max-width: 575px) 100vw, 575px\" \/><\/figure><\/li><li class=\"blocks-gallery-item\"><figure><img decoding=\"async\" loading=\"lazy\" width=\"1024\" height=\"575\" src=\"\/app\/uploads\/2021\/10\/1634301996424-1024x575.jpg\" alt=\"\" data-id=\"19398\" data-full-url=\"\/app\/uploads\/2021\/10\/1634301996424.jpg\" data-link=\"https:\/\/oreretaikastola.eus\/es\/1634301996424-2\/\" class=\"wp-image-19398\" srcset=\"\/app\/uploads\/2021\/10\/1634301996424-1024x575.jpg 1024w, \/app\/uploads\/2021\/10\/1634301996424-300x169.jpg 300w, \/app\/uploads\/2021\/10\/1634301996424-768x432.jpg 768w, \/app\/uploads\/2021\/10\/1634301996424-1536x863.jpg 1536w, \/app\/uploads\/2021\/10\/1634301996424-1320x742.jpg 1320w, \/app\/uploads\/2021\/10\/1634301996424.jpg 1600w\" sizes=\"(max-width: 1024px) 100vw, 1024px\" \/><\/figure><\/li><li class=\"blocks-gallery-item\"><figure><img decoding=\"async\" loading=\"lazy\" width=\"1024\" height=\"575\" src=\"\/app\/uploads\/2021\/10\/1634301996421-1024x575.jpg\" alt=\"\" data-id=\"19396\" data-full-url=\"\/app\/uploads\/2021\/10\/1634301996421.jpg\" data-link=\"https:\/\/oreretaikastola.eus\/es\/1634301996421-2\/\" class=\"wp-image-19396\" srcset=\"\/app\/uploads\/2021\/10\/1634301996421-1024x575.jpg 1024w, \/app\/uploads\/2021\/10\/1634301996421-300x169.jpg 300w, \/app\/uploads\/2021\/10\/1634301996421-768x432.jpg 768w, \/app\/uploads\/2021\/10\/1634301996421-1536x863.jpg 1536w, \/app\/uploads\/2021\/10\/1634301996421-1320x742.jpg 1320w, \/app\/uploads\/2021\/10\/1634301996421.jpg 1600w\" sizes=\"(max-width: 1024px) 100vw, 1024px\" \/><\/figure><\/li><\/ul><\/figure>\n","protected":false},"excerpt":{"rendered":"<p>Con un tiempo t\u00edpico de oto\u00f1o, el alumnado de LH3 a ido a Oianleku de excursi\u00f3n.<\/p>\n","protected":false},"author":2,"featured_media":19400,"comment_status":"open","ping_status":"open","sticky":false,"template":"","format":"standard","meta":{"footnotes":""},"categories":[99,3],"tags":[],"acf":[],"_links":{"self":[{"href":"https:\/\/oreretaikastola.eus\/es\/wp-json\/wp\/v2\/posts\/19402"}],"collection":[{"href":"https:\/\/oreretaikastola.eus\/es\/wp-json\/wp\/v2\/posts"}],"about":[{"href":"https:\/\/oreretaikastola.eus\/es\/wp-json\/wp\/v2\/types\/post"}],"author":[{"embeddable":true,"href":"https:\/\/oreretaikastola.eus\/es\/wp-json\/wp\/v2\/users\/2"}],"replies":[{"embeddable":true,"href":"https:\/\/oreretaikastola.eus\/es\/wp-json\/wp\/v2\/comments?post=19402"}],"version-history":[{"count":1,"href":"https:\/\/oreretaikastola.eus\/es\/wp-json\/wp\/v2\/posts\/19402\/revisions"}],"predecessor-version":[{"id":19403,"href":"https:\/\/oreretaikastola.eus\/es\/wp-json\/wp\/v2\/posts\/19402\/revisions\/19403"}],"wp:featuredmedia":[{"embeddable":true,"href":"https:\/\/oreretaikastola.eus\/es\/wp-json\/wp\/v2\/media\/19400"}],"wp:attachment":[{"href":"https:\/\/oreretaikastola.eus\/es\/wp-json\/wp\/v2\/media?parent=19402"}],"wp:term":[{"taxonomy":"category","embeddable":true,"href":"https:\/\/oreretaikastola.eus\/es\/wp-json\/wp\/v2\/categories?post=19402"},{"taxonomy":"post_tag","embeddable":true,"href":"https:\/\/oreretaikastola.eus\/es\/wp-json\/wp\/v2\/tags?post=19402"}],"curies":[{"name":"wp","href":"https:\/\/api.w.org\/{rel}","templated":true}]}}