{"id":17614,"date":"2021-09-02T08:03:45","date_gmt":"2021-09-02T07:03:45","guid":{"rendered":"https:\/\/oreretaikastola.eus\/?p=17614"},"modified":"2021-09-02T08:03:46","modified_gmt":"2021-09-02T07:03:46","slug":"el-profesorado-ha-iniciado-el-nuevo-curso-escolar-2021-22","status":"publish","type":"post","link":"https:\/\/oreretaikastola.eus\/es\/2021\/09\/02\/el-profesorado-ha-iniciado-el-nuevo-curso-escolar-2021-22\/","title":{"rendered":"El profesorado ha iniciado el nuevo curso escolar 2021-22"},"content":{"rendered":"\n<p>Con la llegada de septiembre, el profesorado de la Ikastola ha dado la bienvenida al nuevo curso escolar 2021-22. En estos primeros d\u00edas, antes de que empiece el alumnado, estar\u00e1 atando los \u00faltimos detalles. <\/p>\n\n\n\n<p><\/p>\n","protected":false},"excerpt":{"rendered":"<p>Con la llegada de septiembre, el profesorado de la Ikastola ha dado la bienvenida al nuevo curso escolar 2021-22. En estos primeros d\u00edas, antes de que empiece el alumnado, estar\u00e1 atando los \u00faltimos detalles.<\/p>\n","protected":false},"author":2,"featured_media":17610,"comment_status":"open","ping_status":"open","sticky":false,"template":"","format":"standard","meta":{"footnotes":""},"categories":[75],"tags":[218],"acf":[],"_links":{"self":[{"href":"https:\/\/oreretaikastola.eus\/es\/wp-json\/wp\/v2\/posts\/17614"}],"collection":[{"href":"https:\/\/oreretaikastola.eus\/es\/wp-json\/wp\/v2\/posts"}],"about":[{"href":"https:\/\/oreretaikastola.eus\/es\/wp-json\/wp\/v2\/types\/post"}],"author":[{"embeddable":true,"href":"https:\/\/oreretaikastola.eus\/es\/wp-json\/wp\/v2\/users\/2"}],"replies":[{"embeddable":true,"href":"https:\/\/oreretaikastola.eus\/es\/wp-json\/wp\/v2\/comments?post=17614"}],"version-history":[{"count":1,"href":"https:\/\/oreretaikastola.eus\/es\/wp-json\/wp\/v2\/posts\/17614\/revisions"}],"predecessor-version":[{"id":17615,"href":"https:\/\/oreretaikastola.eus\/es\/wp-json\/wp\/v2\/posts\/17614\/revisions\/17615"}],"wp:featuredmedia":[{"embeddable":true,"href":"https:\/\/oreretaikastola.eus\/es\/wp-json\/wp\/v2\/media\/17610"}],"wp:attachment":[{"href":"https:\/\/oreretaikastola.eus\/es\/wp-json\/wp\/v2\/media?parent=17614"}],"wp:term":[{"taxonomy":"category","embeddable":true,"href":"https:\/\/oreretaikastola.eus\/es\/wp-json\/wp\/v2\/categories?post=17614"},{"taxonomy":"post_tag","embeddable":true,"href":"https:\/\/oreretaikastola.eus\/es\/wp-json\/wp\/v2\/tags?post=17614"}],"curies":[{"name":"wp","href":"https:\/\/api.w.org\/{rel}","templated":true}]}}